{"id":98,"date":"2019-01-25T13:55:15","date_gmt":"2019-01-25T13:55:15","guid":{"rendered":"http:\/\/blognuevo.arqueoloxico.com\/?p=98"},"modified":"2019-01-25T14:04:45","modified_gmt":"2019-01-25T14:04:45","slug":"lauda-de-gomez-patino-e-maria-galo","status":"publish","type":"post","link":"http:\/\/blognuevo.arqueoloxico.com\/?p=98","title":{"rendered":"Lauda de G\u00f3mez Pati\u00f1o e Mar\u00eda Galo"},"content":{"rendered":"\n<p><em>Informaci\u00f3n sacada da ficha do inventario do Museo Arqueol\u00f3xico.<\/em><br>\nAt\u00f3pase esta lauda nas casamatas do patio baixo do Castelo de San Ant\u00f3n.<br><strong>Procedencia:<\/strong> Convento de Santo Domingo (A Coru\u00f1a).<br><strong>Dimensi\u00f3ns:<\/strong> 127 cm alto, 95 de longo e 17 cm de ancho.<br><strong>Material:<\/strong> Pedra de gra.<br><strong>Cronolox\u00eda: <\/strong>Entre 1400 e 1450.<br><\/p>\n\n\n\n<div class=\"wp-block-image\"><figure class=\"alignleft\"><a href=\"http:\/\/arqueoloxico.com\/cgi-data\/weblog_basic\/uploads\/2013\/02\/251.jpg\"><img decoding=\"async\" src=\"http:\/\/51955983.es.strato-hosting.eu\/cgi-data\/weblog_basic\/uploads\/2013\/02\/251.jpg\" alt=\"Lauda de G\u00f3mez Pati\u00f1o e Mar\u00eda Galo\" class=\"wp-image-1362\"\/><\/a><\/figure><\/div>\n\n\n\n<p><strong>Descripci\u00f3n:<\/strong> Tres fragmentos de tapa de sartego, da que se conserva algo m\u00e1is da metade inferior. Repres\u00e9ntase d\u00faas figuras repousando enriba de almofadas en actitude orante. Visten t\u00fanicas lisas, cinguidas \u00f3 talle, e zapatos puntiagudos. Levan colares de doas axustados \u00f3 pescozo e cobren o cabelo cun tocado a modo de diadema. Sobre estas d\u00faas figuras dist\u00ednguense o remate de d\u00faas t\u00fanicas e calzado apuntado do que ser\u00edan outros dous personaxes, quizais na mesma posici\u00f3n dos descritos. Un filete con inscripci\u00f3nen caracteres monacais encadra as figuras. Segundo Chamoso Lamas a lauda pertencer\u00eda \u00f3 matrimonio G\u00f3mez Pati\u00f1o e Mar\u00eda de Galo, representados na parte superior, e as d\u00faas fillas, \u00f3 parecer xemelgas, na parte inferior.<br> P\u00f3dese ler unha inscripci\u00f3n: \u00ab[\u2014\u2013 \/ \u2014] BACHILLER: GOMES: PAT[IN]O: E(t) \/ DE [:\u2014:] MARIA: DE G- \/ ALO: SUA: MOLLER: [\u2014]\u00bb<br> Hai unha nota na ficha que d\u00ed:<em>&nbsp;Quizais te\u00f1a algo que ver este Pati\u00f1o bacharel co que foi deputado da Santa Irmandade Xeral na Coru\u00f1a (cf. Anselmo L\u00f3pez Carreira: A Revoluci\u00f3n Irmandi\u00f1a. Ourense; Galiza Editora, 1987, p.141 e 147)<\/em><br><strong>Bibliograf\u00eda:&nbsp;<\/strong>CHAMOSO LAMAS, Manuel, 1979: Escultura funeraria en Galicia, Instituto de estudios Orensanos \u00abPadre Feijoo\u00bb de la Diputaci\u00f3n Provincial, p.362-363. MANSO PORTO, C., 1990: \u00abEl Convento de Santo Domingo de La Coru\u00f1a\u00bb, Anuario Brigantino 13, p.234 e fig.28. GOMEZ AMIGO, B. (tesi\u00f1a in\u00e9dita): La escultura Bajo-Medieval en los museos Provinciales de Bellas Artes y Arqueol\u00f3gico de La Coru\u00f1a: Ensayo de catalogaci\u00f3n; p.77-79.<\/p>\n","protected":false},"excerpt":{"rendered":"<p>Informaci\u00f3n sacada da ficha do inventario do Museo Arqueol\u00f3xico. At\u00f3pase esta lauda nas casamatas do patio baixo do Castelo de San Ant\u00f3n.Procedencia: Convento de Santo Domingo (A Coru\u00f1a).Dimensi\u00f3ns: 127 cm alto, 95 de longo e 17 cm de ancho.Material: Pedra de gra.Cronolox\u00eda: Entre 1400 e 1450. Descripci\u00f3n: Tres fragmentos de tapa de sartego, da que &hellip; <a href=\"http:\/\/blognuevo.arqueoloxico.com\/?p=98\" class=\"more-link\">Continuar leyendo<span class=\"screen-reader-text\"> \u00abLauda de G\u00f3mez Pati\u00f1o e Mar\u00eda Galo\u00bb<\/span><\/a><\/p>\n","protected":false},"author":1,"featured_media":0,"comment_status":"open","ping_status":"open","sticky":false,"template":"","format":"standard","meta":[],"categories":[3],"tags":[],"_links":{"self":[{"href":"http:\/\/blognuevo.arqueoloxico.com\/index.php?rest_route=\/wp\/v2\/posts\/98"}],"collection":[{"href":"http:\/\/blognuevo.arqueoloxico.com\/index.php?rest_route=\/wp\/v2\/posts"}],"about":[{"href":"http:\/\/blognuevo.arqueoloxico.com\/index.php?rest_route=\/wp\/v2\/types\/post"}],"author":[{"embeddable":true,"href":"http:\/\/blognuevo.arqueoloxico.com\/index.php?rest_route=\/wp\/v2\/users\/1"}],"replies":[{"embeddable":true,"href":"http:\/\/blognuevo.arqueoloxico.com\/index.php?rest_route=%2Fwp%2Fv2%2Fcomments&post=98"}],"version-history":[{"count":2,"href":"http:\/\/blognuevo.arqueoloxico.com\/index.php?rest_route=\/wp\/v2\/posts\/98\/revisions"}],"predecessor-version":[{"id":104,"href":"http:\/\/blognuevo.arqueoloxico.com\/index.php?rest_route=\/wp\/v2\/posts\/98\/revisions\/104"}],"wp:attachment":[{"href":"http:\/\/blognuevo.arqueoloxico.com\/index.php?rest_route=%2Fwp%2Fv2%2Fmedia&parent=98"}],"wp:term":[{"taxonomy":"category","embeddable":true,"href":"http:\/\/blognuevo.arqueoloxico.com\/index.php?rest_route=%2Fwp%2Fv2%2Fcategories&post=98"},{"taxonomy":"post_tag","embeddable":true,"href":"http:\/\/blognuevo.arqueoloxico.com\/index.php?rest_route=%2Fwp%2Fv2%2Ftags&post=98"}],"curies":[{"name":"wp","href":"https:\/\/api.w.org\/{rel}","templated":true}]}}