{"id":96,"date":"2019-01-25T13:51:06","date_gmt":"2019-01-25T13:51:06","guid":{"rendered":"http:\/\/blognuevo.arqueoloxico.com\/?p=96"},"modified":"2019-01-25T13:58:09","modified_gmt":"2019-01-25T13:58:09","slug":"acroterio-do-mosteiro-de-santa-catalina-de-montefaro","status":"publish","type":"post","link":"http:\/\/blognuevo.arqueoloxico.com\/?p=96","title":{"rendered":"Acroterio do Mosteiro de Santa Catalina de Montefaro."},"content":{"rendered":"\n<p><em>Informaci\u00f3n sacada da ficha do inventario do Museo Arqueol\u00f3xico.<\/em><br><\/p>\n\n\n\n<div class=\"wp-block-image\"><figure class=\"alignleft\"><a href=\"http:\/\/arqueoloxico.com\/cgi-data\/weblog_basic\/uploads\/2014\/06\/1.jpg\"><img decoding=\"async\" src=\"http:\/\/51955983.es.strato-hosting.eu\/cgi-data\/weblog_basic\/uploads\/2014\/06\/1.jpg\" alt=\"Acroterio de Santa Catarina de Montefaro\" class=\"wp-image-1549\"\/><\/a><\/figure><\/div>\n\n\n\n<p> At\u00f3pase esta acr\u00f3tera nas casamatas do patio baixo do Castelo de San Ant\u00f3n.<br><strong>Procedencia:<\/strong> Convento de Santa Catarina de Montefaro (Mugardos \u2013 A Coru\u00f1a). Mosteiro fundado por Pedro de Osorio da Casa dos Traba en 1145 e que logo pasa a influencia dos Andrade.<br><strong>Dimensi\u00f3ns:<\/strong> 90 cm alto, 80 de longo e 80 cm de ancho.<br><strong>Material:<\/strong> Pedra de gra.<br><strong>Cronolox\u00eda: <\/strong>1380.<br><strong>Descripci\u00f3n:<\/strong> Acrotera con cruz florenzada sobre o xabar\u00edn dos Andrade. O xabar\u00edn ten a boca aberta en actitude agresiva, espi\u00f1azo e corpo ben marcado, de aspecto tosco e voluminoso, coa cabeza desproporcionada e ausencia de detalles anat\u00f3micos. A cruz, florenzada, \u00e9 esbelta, presentando un atrevido movemento floreante nos extremos, e un borde de clariecud subli\u00f1ado pola acanaladura.<strong><br> Bibliograf\u00eda:\u00a0<\/strong>LOPEZ PICHEL, Mercedes: <em>Notas para el estudio de la desamortizaci\u00f3n del patrimonio cultural de la iglesia en la provincia de La Coru\u00f1a. El Convento de Franciscanos Terceros de Santa Catalina de Montefaro.<\/em><\/p>\n","protected":false},"excerpt":{"rendered":"<p>Informaci\u00f3n sacada da ficha do inventario do Museo Arqueol\u00f3xico. At\u00f3pase esta acr\u00f3tera nas casamatas do patio baixo do Castelo de San Ant\u00f3n.Procedencia: Convento de Santa Catarina de Montefaro (Mugardos \u2013 A Coru\u00f1a). Mosteiro fundado por Pedro de Osorio da Casa dos Traba en 1145 e que logo pasa a influencia dos Andrade.Dimensi\u00f3ns: 90 cm alto, &hellip; <a href=\"http:\/\/blognuevo.arqueoloxico.com\/?p=96\" class=\"more-link\">Continuar leyendo<span class=\"screen-reader-text\"> \u00abAcroterio do Mosteiro de Santa Catalina de Montefaro.\u00bb<\/span><\/a><\/p>\n","protected":false},"author":1,"featured_media":0,"comment_status":"open","ping_status":"open","sticky":false,"template":"","format":"standard","meta":[],"categories":[3],"tags":[],"_links":{"self":[{"href":"http:\/\/blognuevo.arqueoloxico.com\/index.php?rest_route=\/wp\/v2\/posts\/96"}],"collection":[{"href":"http:\/\/blognuevo.arqueoloxico.com\/index.php?rest_route=\/wp\/v2\/posts"}],"about":[{"href":"http:\/\/blognuevo.arqueoloxico.com\/index.php?rest_route=\/wp\/v2\/types\/post"}],"author":[{"embeddable":true,"href":"http:\/\/blognuevo.arqueoloxico.com\/index.php?rest_route=\/wp\/v2\/users\/1"}],"replies":[{"embeddable":true,"href":"http:\/\/blognuevo.arqueoloxico.com\/index.php?rest_route=%2Fwp%2Fv2%2Fcomments&post=96"}],"version-history":[{"count":2,"href":"http:\/\/blognuevo.arqueoloxico.com\/index.php?rest_route=\/wp\/v2\/posts\/96\/revisions"}],"predecessor-version":[{"id":101,"href":"http:\/\/blognuevo.arqueoloxico.com\/index.php?rest_route=\/wp\/v2\/posts\/96\/revisions\/101"}],"wp:attachment":[{"href":"http:\/\/blognuevo.arqueoloxico.com\/index.php?rest_route=%2Fwp%2Fv2%2Fmedia&parent=96"}],"wp:term":[{"taxonomy":"category","embeddable":true,"href":"http:\/\/blognuevo.arqueoloxico.com\/index.php?rest_route=%2Fwp%2Fv2%2Fcategories&post=96"},{"taxonomy":"post_tag","embeddable":true,"href":"http:\/\/blognuevo.arqueoloxico.com\/index.php?rest_route=%2Fwp%2Fv2%2Ftags&post=96"}],"curies":[{"name":"wp","href":"https:\/\/api.w.org\/{rel}","templated":true}]}}