{"id":60,"date":"2018-11-28T20:09:18","date_gmt":"2018-11-28T20:09:18","guid":{"rendered":"http:\/\/blognuevo.arqueoloxico.com\/?p=60"},"modified":"2018-11-28T20:09:46","modified_gmt":"2018-11-28T20:09:46","slug":"o-machado-votivo-de-carino","status":"publish","type":"post","link":"http:\/\/blognuevo.arqueoloxico.com\/?p=60","title":{"rendered":"O machado votivo de Cari\u00f1o"},"content":{"rendered":"<p><em><img decoding=\"async\" loading=\"lazy\" class=\"alignnone wp-image-62\" src=\"http:\/\/blognuevo.arqueoloxico.com\/wp-content\/uploads\/2018\/11\/150304226-300x218.jpg\" alt=\"\" width=\"504\" height=\"367\" srcset=\"http:\/\/blognuevo.arqueoloxico.com\/wp-content\/uploads\/2018\/11\/150304226-300x218.jpg 300w, http:\/\/blognuevo.arqueoloxico.com\/wp-content\/uploads\/2018\/11\/150304226-768x558.jpg 768w, http:\/\/blognuevo.arqueoloxico.com\/wp-content\/uploads\/2018\/11\/150304226-1024x744.jpg 1024w, http:\/\/blognuevo.arqueoloxico.com\/wp-content\/uploads\/2018\/11\/150304226-1200x871.jpg 1200w, http:\/\/blognuevo.arqueoloxico.com\/wp-content\/uploads\/2018\/11\/150304226.jpg 1377w\" sizes=\"(max-width: 504px) 85vw, 504px\" \/><\/em><\/p>\n<p><em>\u00abInformaci\u00f3n tomada da ficha do Museo Arqueol\u00f3xico\u00bb<\/em><br \/>\n<strong>Procedencia:<\/strong>\u00a0A \u00fanica referencia precisa \u00e1s circunstancias do seu achado \u00e9 \u201centre unhas pedras\u201d, o d\u00eda 14\/07\/1961, na praia de Basteira, Cari\u00f1o, A Coru\u00f1a.<br \/>\n<strong>Material:<\/strong>\u00a0Bronce.<br \/>\n<strong>Cronolox\u00eda\/\u00e9poca:<\/strong>\u00a0castrexo?.<br \/>\n<strong>Dimensi\u00f3ns:<\/strong>\u00a06,5 cms de ancho e 16,8 de longo. Peso: 173 gramos<br \/>\nO machado presenta dous aneis, posiblemente de suspensi\u00f3n, na parte traseira do f\u00edo, e outros dous de menor tama\u00f1o preto do extremo proximal. O mango, de secci\u00f3n romboidal con esquinas arredondadas, remata polo extremo da folla nunha forma esf\u00e9rica e no cabo contrario nun pr\u00f3tomo de touro. Entre os dous aneis menores, na parte superior da folla do machado, repres\u00e9ntanse un torques dun lado e, do outro, un disco con mamilo no medio, detalle que lembra as rodelas incrustadas nos torques de tipo \u201c\u00e1rtabro\u201d da ouriver\u00eda castrexa.<br \/>\n<strong>Notas:<\/strong><br \/>\nEsta peza estivo na exposici\u00f3n: \u201cGalicia Terra \u00danica\u201d (Lugo, 17\/06- 17\/10\/1997).<br \/>\n<strong>Bibliograf\u00eda:<\/strong><br \/>\nLa Voz de Galicia, 30\/06\/1963; Luengo, J.M\u00aa: \u201cMachadinha votiva de Cari\u00f1o (La Coru\u00f1a)\u201d. Revista de Guimar\u00e2es, LXXIV, n\u00ba1-2, 1964, pp. 149-157); \u201cMachadi\u00f1o votivo de Cari\u00f1o\u201d, Diapositiva, Postales Fama, n\u00ba 7, Vigo; Gu\u00eda General del Museo Arqueol\u00f3gico e Hist\u00f3rico \u201cCastelo de San Ant\u00f3n\u201d, A Coru\u00f1a: 19; Arias Vilas, F. 1997: \u201cLa cultura material galaico-romana\u201d. En, Cat\u00e1logo de la Exposici\u00f3n Galicia Terra \u00danica, Vol. I, \u201cGalicia castrexa e Romana\u201d. Xunta. Santiago: 229, Foto. Rodr\u00edguez Colmenero, A.: \u201cEscultura en relevo e vulto redondo\u201d, en Galicia-Arte, Ed. H\u00e9rcules, T.IX, p.437. Cat\u00e1logo Exposici\u00f3n \u201cGalicia Terra \u00danica\u201d, tom<\/p>\n","protected":false},"excerpt":{"rendered":"<p>\u00abInformaci\u00f3n tomada da ficha do Museo Arqueol\u00f3xico\u00bb Procedencia:\u00a0A \u00fanica referencia precisa \u00e1s circunstancias do seu achado \u00e9 \u201centre unhas pedras\u201d, o d\u00eda 14\/07\/1961, na praia de Basteira, Cari\u00f1o, A Coru\u00f1a. Material:\u00a0Bronce. Cronolox\u00eda\/\u00e9poca:\u00a0castrexo?. Dimensi\u00f3ns:\u00a06,5 cms de ancho e 16,8 de longo. Peso: 173 gramos O machado presenta dous aneis, posiblemente de suspensi\u00f3n, na parte traseira do &hellip; <a href=\"http:\/\/blognuevo.arqueoloxico.com\/?p=60\" class=\"more-link\">Continuar leyendo<span class=\"screen-reader-text\"> \u00abO machado votivo de Cari\u00f1o\u00bb<\/span><\/a><\/p>\n","protected":false},"author":1,"featured_media":0,"comment_status":"open","ping_status":"open","sticky":false,"template":"","format":"standard","meta":[],"categories":[3],"tags":[],"_links":{"self":[{"href":"http:\/\/blognuevo.arqueoloxico.com\/index.php?rest_route=\/wp\/v2\/posts\/60"}],"collection":[{"href":"http:\/\/blognuevo.arqueoloxico.com\/index.php?rest_route=\/wp\/v2\/posts"}],"about":[{"href":"http:\/\/blognuevo.arqueoloxico.com\/index.php?rest_route=\/wp\/v2\/types\/post"}],"author":[{"embeddable":true,"href":"http:\/\/blognuevo.arqueoloxico.com\/index.php?rest_route=\/wp\/v2\/users\/1"}],"replies":[{"embeddable":true,"href":"http:\/\/blognuevo.arqueoloxico.com\/index.php?rest_route=%2Fwp%2Fv2%2Fcomments&post=60"}],"version-history":[{"count":2,"href":"http:\/\/blognuevo.arqueoloxico.com\/index.php?rest_route=\/wp\/v2\/posts\/60\/revisions"}],"predecessor-version":[{"id":93,"href":"http:\/\/blognuevo.arqueoloxico.com\/index.php?rest_route=\/wp\/v2\/posts\/60\/revisions\/93"}],"wp:attachment":[{"href":"http:\/\/blognuevo.arqueoloxico.com\/index.php?rest_route=%2Fwp%2Fv2%2Fmedia&parent=60"}],"wp:term":[{"taxonomy":"category","embeddable":true,"href":"http:\/\/blognuevo.arqueoloxico.com\/index.php?rest_route=%2Fwp%2Fv2%2Fcategories&post=60"},{"taxonomy":"post_tag","embeddable":true,"href":"http:\/\/blognuevo.arqueoloxico.com\/index.php?rest_route=%2Fwp%2Fv2%2Ftags&post=60"}],"curies":[{"name":"wp","href":"https:\/\/api.w.org\/{rel}","templated":true}]}}