{"id":30,"date":"2018-11-26T13:46:02","date_gmt":"2018-11-26T13:46:02","guid":{"rendered":"http:\/\/blognuevo.arqueoloxico.com\/?p=30"},"modified":"2018-11-26T13:51:38","modified_gmt":"2018-11-26T13:51:38","slug":"o-colgante-do-colar-de-elvina","status":"publish","type":"post","link":"http:\/\/blognuevo.arqueoloxico.com\/?p=30","title":{"rendered":"O colgante do colar de Elvi\u00f1a"},"content":{"rendered":"<p><em>\u201cInformaci\u00f3n tomada da ficha do Museo Arqueol\u00f3xico\u201d<\/em><br \/>\n<strong><img decoding=\"async\" loading=\"lazy\" class=\"size-medium wp-image-31 alignleft\" src=\"http:\/\/blognuevo.arqueoloxico.com\/wp-content\/uploads\/2018\/11\/elvina11-300x194.jpg\" alt=\"\" width=\"300\" height=\"194\" srcset=\"http:\/\/blognuevo.arqueoloxico.com\/wp-content\/uploads\/2018\/11\/elvina11-300x194.jpg 300w, http:\/\/blognuevo.arqueoloxico.com\/wp-content\/uploads\/2018\/11\/elvina11.jpg 500w\" sizes=\"(max-width: 300px) 85vw, 300px\" \/>Procedencia:<\/strong>\u00a0Castro de Elvi\u00f1a (A Coru\u00f1a).<br \/>\n<strong>Material:<\/strong>\u00a0Ouro\/prata.<br \/>\n<strong>Cronolox\u00eda\/<\/strong><strong>\u00e9poc<\/strong><strong>a:<\/strong>\u00a0Entre S. I a.C. e S. II d.C. Galaico-romana.<\/p>\n<p><strong>Dimensi\u00f3ns:<\/strong>\u00a02 cms. de di\u00e1metro e 2,5 cms. de alto.<br \/>\nColgante en forma semellante a un carrete, constitu\u00eddo por tres corpos ben diferenciados, que xunto c\u00f3as d\u00f3as de ouro (Ref. 115), e a d\u00f3a de vidro (Ref. 117), formar\u00eda parte dun posible colar articulado. O CORPO SUPERIOR est\u00e1 composto por dous troncos de cono xuntos pola base. O superior est\u00e1 decorado con c\u00edrculos de filigrana recheos de pequenos gr\u00e1nulos, e o inferior cunha serie de postas de filigrana encadeadas recheas tam\u00e9n con granulado. O per\u00edmetro da uni\u00f3n, de 1,9 cm de di\u00e1metro, ad\u00f3rnase cunha triple ringleira de esferi\u00f1as soldadas formando cord\u00f3ns. Separando \u00f3 corpo superior do inferior, presenta un corpo cil\u00edndrico ou anel cinguido por tres nervios circundantes paralelos con adorno dentado. O CORPO INFERIOR ten forma troncoc\u00f3nica, sendo menos alto que o corpo superior, pero mais amplo (2 cm). A superficie que conforma o tronco de cono presenta unha decoraci\u00f3n a\u00a0base de postas encadeadas recheas de granulado. Tres nervos paralelos de esferi\u00f1as granuladas, limitan a BASE do colgante, a parte mais ornamentada. No centro presenta un gl\u00f3bulo ou bot\u00f3n enmarcado por dous c\u00edrculos conc\u00e9ntricos de filigrana, c\u00f3 espacio entre eles recheo de un fino granulado. \u00d3 redor deste motivo, disponse unha roda helicoidal de seis postas entrelazadas feitas con f\u00edo de prata, salpicadas con gr\u00e1nulos de ouro e combinadas con calados na l\u00e1mina de base, que a s\u00faa vez est\u00e1 enmarcada por un cord\u00f3n trenzado de filigrana. Rematando o contorno desta l\u00e1mina terminal, presenta dous c\u00edrculos conc\u00e9ntricos de esferi\u00f1as.<\/p>\n<p><strong>Notas:<\/strong><br \/>\nEsta peza estivo na exposici\u00f3n: \u00abEl oro y la orfebrer\u00eda prehist\u00f3rica de Galicia\u00bb, 1995, Museo de Lugo, Diputaci\u00f3n\/Museo de Lugo (Comisario A. Alvarez N\u00fa\u00f1ez).<\/p>\n<p><strong>Materia<\/strong>: Segundo Luengo (1979: 224) todas as xoias atopadas no castro de Elvi\u00f1a, te\u00f1en a mesma lei de 14 quilates de ouro e dez de prata, ainda que non sinala a metodolox\u00eda anal\u00edtica empregada.<\/p>\n<p><strong>\u00a0T\u00e9cnica<\/strong>: Semella que non est\u00e1 presente a t\u00e9cnica de granulado aut\u00e9ntica, sendo en realidade unha t\u00e9cnica similar mais sinxela que consiste na aplicaci\u00f3n de p\u00f3 de ouro natural cun soplete.<\/p>\n<p><strong>Epoca\/Cultura\/Estilo<\/strong>: Luengo (1979) opina que a cronolox\u00eda do colar de Elvi\u00f1a debe situarse en torno do s\u00e9culo III a.C. pola s\u00faa similitude c\u00f3 torques de Vilas Boas e seguindo en parte a opini\u00f3n de Blanco Freijeiro (1957: 999) de que toda a orfebrer\u00eda castre\u00f1a con decoraci\u00f3n de grans, gl\u00f3bulos e filigranas, \u00e9 posterior \u00f3 300 a.C. xa que imita modelos orientais producidos nos s\u00e9culos IV-III a.C. Reboredo (1996: 84), considera que \u00e9 unha producci\u00f3n ind\u00edxena e que debe situarse en torno do s\u00e9culo IV a.C.<\/p>\n<p><strong>Bibliograf\u00eda:<\/strong><br \/>\nLuengo, J.M. 1954-55:\u00a0<em>\u201cNoticia sobre las excavaciones del Castro de Elvi\u00f1a\u201d.\u00a0<\/em>Noticiario Arqueol\u00f3gico Hisp\u00e1nico, III-IV: 213-246, Lam. 9, 11; Monteagudo, L. 1954:\u00a0<em>\u201cJoyas del castro de Elvi\u00f1a (La Coru\u00f1a) y soluciones museol\u00f3gicas generales\u201d<\/em>, Archivo Espa\u00f1ol de Arqueolog\u00eda, XXVII; Luengo, J.M. 1979:\u00a0<em>\u201cEl Tesoro d<\/em><em>e Elvi\u00f1a y tres torques coru\u00f1eses\u201d<\/em>. Trabajos de Prehistoria, XXXVI; Fari\u00f1a, F. 1991:\u00a0<em>\u201cTesouro de Elvi\u00f1a\u201d.\u00a0<\/em>En, Cat\u00e1logo de la Exposici\u00f3n\u00a0\u201cGalicia no Tempo\u201d, Santiago de Compostela; Reboredo, N. 1996:\u00a0<em>\u201cEl tesoro de Elvi\u00f1a<\/em>\u201c. En, Cat\u00e1logo de la Exposici\u00f3n \u201cEl oro y la orfebrer\u00eda prehist\u00f3rica de Galicia\u201d. Museo, Diputaci\u00f3n. Lugo: 71-86; Sen\u00e9n, F. 1996:\u00a0<em>\u201cCuentas y colgante de Elvi\u00f1a\u201d.\u00a0<\/em>En, Cat\u00e1logo de la Exposici\u00f3n \u201cEl oro y la orfebrer\u00eda prehist\u00f3rica de Galicia\u201d. Museo, Diputaci\u00f3n, Lugo: 122; \u201cTesoro de Elvi\u00f1a\u201d, Tarxeta Postal, Postales Fama, Vigo; \u201cDetalle colgante Elvi\u00f1a\u201d, Diapositiva, Postales Fama, n\u00ba 9, Vigo; 1994, Gu\u00eda General del Museo Arqueol\u00f3gico e Hist\u00f3rico \u201cCastelo de San Ant\u00f3n\u201d. Museo, Concello. A Coru\u00f1a: 18.<\/p>\n","protected":false},"excerpt":{"rendered":"<p>\u201cInformaci\u00f3n tomada da ficha do Museo Arqueol\u00f3xico\u201d Procedencia:\u00a0Castro de Elvi\u00f1a (A Coru\u00f1a). Material:\u00a0Ouro\/prata. Cronolox\u00eda\/\u00e9poca:\u00a0Entre S. I a.C. e S. II d.C. Galaico-romana. Dimensi\u00f3ns:\u00a02 cms. de di\u00e1metro e 2,5 cms. de alto. Colgante en forma semellante a un carrete, constitu\u00eddo por tres corpos ben diferenciados, que xunto c\u00f3as d\u00f3as de ouro (Ref. 115), e a d\u00f3a &hellip; <a href=\"http:\/\/blognuevo.arqueoloxico.com\/?p=30\" class=\"more-link\">Continuar leyendo<span class=\"screen-reader-text\"> \u00abO colgante do colar de Elvi\u00f1a\u00bb<\/span><\/a><\/p>\n","protected":false},"author":1,"featured_media":0,"comment_status":"open","ping_status":"open","sticky":false,"template":"","format":"standard","meta":[],"categories":[3],"tags":[],"_links":{"self":[{"href":"http:\/\/blognuevo.arqueoloxico.com\/index.php?rest_route=\/wp\/v2\/posts\/30"}],"collection":[{"href":"http:\/\/blognuevo.arqueoloxico.com\/index.php?rest_route=\/wp\/v2\/posts"}],"about":[{"href":"http:\/\/blognuevo.arqueoloxico.com\/index.php?rest_route=\/wp\/v2\/types\/post"}],"author":[{"embeddable":true,"href":"http:\/\/blognuevo.arqueoloxico.com\/index.php?rest_route=\/wp\/v2\/users\/1"}],"replies":[{"embeddable":true,"href":"http:\/\/blognuevo.arqueoloxico.com\/index.php?rest_route=%2Fwp%2Fv2%2Fcomments&post=30"}],"version-history":[{"count":3,"href":"http:\/\/blognuevo.arqueoloxico.com\/index.php?rest_route=\/wp\/v2\/posts\/30\/revisions"}],"predecessor-version":[{"id":33,"href":"http:\/\/blognuevo.arqueoloxico.com\/index.php?rest_route=\/wp\/v2\/posts\/30\/revisions\/33"}],"wp:attachment":[{"href":"http:\/\/blognuevo.arqueoloxico.com\/index.php?rest_route=%2Fwp%2Fv2%2Fmedia&parent=30"}],"wp:term":[{"taxonomy":"category","embeddable":true,"href":"http:\/\/blognuevo.arqueoloxico.com\/index.php?rest_route=%2Fwp%2Fv2%2Fcategories&post=30"},{"taxonomy":"post_tag","embeddable":true,"href":"http:\/\/blognuevo.arqueoloxico.com\/index.php?rest_route=%2Fwp%2Fv2%2Ftags&post=30"}],"curies":[{"name":"wp","href":"https:\/\/api.w.org\/{rel}","templated":true}]}}